{"id":632,"date":"2024-01-26T12:30:40","date_gmt":"2024-01-26T12:30:40","guid":{"rendered":"https:\/\/elcorrentinodiario.com\/?p=632"},"modified":"2024-01-26T12:30:41","modified_gmt":"2024-01-26T12:30:41","slug":"ladron-filmado-mientras-sustraia-una-moto","status":"publish","type":"post","link":"https:\/\/elcorrentinodiario.com\/index.php\/2024\/01\/26\/ladron-filmado-mientras-sustraia-una-moto\/","title":{"rendered":"LADR\u00d3N FILMADO MIENTRAS SUSTRA\u00cdA UNA MOTO"},"content":{"rendered":"\n<p>El il\u00edcito ocurri\u00f3 en el barrio San Mart\u00edn de la Ciudad de <a href=\"https:\/\/corrientes.net.ar\/?utm_source=elcorrentinodiario.com&#038;utm_medium=vinculos_dinamicos&#038;utm_campaign=credit\" target=\"_blank\" rel=\"noopener\">Corrientes<\/a>, por calle H\u00e9roes Civiles al 2100. Un delincuente fue captado por una c\u00e1mara de seguridad de un domicilio, mientras sustra\u00eda una motoc.cleta que se encontraba en la vereda.<\/p>\n\n\n\n<p>En horas de la siesta, un sujeto qued\u00f3 registrado en un video, en el momento exacto en el que llega a pie por calle H\u00e9roes Civiles, y logra robar una motocicleta marca Motomel 110 cc, perteneciente a una mujer que se encontraba en el interior de una peluquer\u00eda de la zona.<\/p>\n\n\n\n<p>Aparentemente, el sujeto habr\u00eda utilizado una llave para poder hacer ignici\u00f3n el rodado y as\u00ed poder escapar con el mismo.<\/p>\n\n\n\n<p>El hecho se registr\u00f3 alrededor de las 16:15; el delincuente ser\u00eda un personaje conocido en la zona.<\/p>\n","protected":false},"excerpt":{"rendered":"<p>El il\u00edcito ocurri\u00f3 en el barrio San Mart\u00edn de la Ciudad de Corrientes, por calle [&hellip;]<\/p>\n","protected":false},"author":1,"featured_media":633,"comment_status":"open","ping_status":"open","sticky":false,"template":"","format":"standard","meta":{"footnotes":""},"categories":[1],"tags":[],"_links":{"self":[{"href":"https:\/\/elcorrentinodiario.com\/index.php\/wp-json\/wp\/v2\/posts\/632"}],"collection":[{"href":"https:\/\/elcorrentinodiario.com\/index.php\/wp-json\/wp\/v2\/posts"}],"about":[{"href":"https:\/\/elcorrentinodiario.com\/index.php\/wp-json\/wp\/v2\/types\/post"}],"author":[{"embeddable":true,"href":"https:\/\/elcorrentinodiario.com\/index.php\/wp-json\/wp\/v2\/users\/1"}],"replies":[{"embeddable":true,"href":"https:\/\/elcorrentinodiario.com\/index.php\/wp-json\/wp\/v2\/comments?post=632"}],"version-history":[{"count":1,"href":"https:\/\/elcorrentinodiario.com\/index.php\/wp-json\/wp\/v2\/posts\/632\/revisions"}],"predecessor-version":[{"id":634,"href":"https:\/\/elcorrentinodiario.com\/index.php\/wp-json\/wp\/v2\/posts\/632\/revisions\/634"}],"wp:featuredmedia":[{"embeddable":true,"href":"https:\/\/elcorrentinodiario.com\/index.php\/wp-json\/wp\/v2\/media\/633"}],"wp:attachment":[{"href":"https:\/\/elcorrentinodiario.com\/index.php\/wp-json\/wp\/v2\/media?parent=632"}],"wp:term":[{"taxonomy":"category","embeddable":true,"href":"https:\/\/elcorrentinodiario.com\/index.php\/wp-json\/wp\/v2\/categories?post=632"},{"taxonomy":"post_tag","embeddable":true,"href":"https:\/\/elcorrentinodiario.com\/index.php\/wp-json\/wp\/v2\/tags?post=632"}],"curies":[{"name":"wp","href":"https:\/\/api.w.org\/{rel}","templated":true}]}}