{"id":1134,"date":"2026-03-13T18:24:25","date_gmt":"2026-03-13T18:24:25","guid":{"rendered":"https:\/\/elcorrentinodiario.com\/?p=1134"},"modified":"2026-03-13T18:24:25","modified_gmt":"2026-03-13T18:24:25","slug":"denunciaron-a-un-intendente-de-misiones-por-violacion-y-el-gobernador-le-reclamo-que-pida-licencia","status":"publish","type":"post","link":"https:\/\/elcorrentinodiario.com\/index.php\/2026\/03\/13\/denunciaron-a-un-intendente-de-misiones-por-violacion-y-el-gobernador-le-reclamo-que-pida-licencia\/","title":{"rendered":"DENUNCIARON A UN INTENDENTE DE MISIONES POR VIOLACI\u00d3N Y EL GOBERNADOR LE RECLAM\u00d3 QUE PIDA LICENCIA"},"content":{"rendered":"\n<p>Una empleada municipal radic\u00f3 la denuncia contra Mario Peyer, de Caraguatay. La Justicia orden\u00f3 allanamientos y medidas de restricci\u00f3n. Hugo Passalacqua le exigi\u00f3 que se ponga a disposici\u00f3n de la Justicia<\/p>\n\n\n\n<p>Una&nbsp;denuncia penal&nbsp;contra el&nbsp;intendente&nbsp;de Caraguatay,&nbsp;Mario Dar\u00edo Peyer, por abuso con acceso carnal y amenazas, sacudi\u00f3 la pol\u00edtica de&nbsp;Misiones. Lo denunci\u00f3 una empleada del Concejo Deliberante local, de 31 a\u00f1os, a ra\u00edz de dos episodios que afectaron a su integridad sexual.<\/p>\n\n\n\n<p>La empleada municipal denunci\u00f3 que los episodios de acoso comenzaron el&nbsp;8 de julio de 2025. Ese d\u00eda, Peyer la convoc\u00f3 a su despacho con el argumento de hablar sobre una sesi\u00f3n del Concejo Deliberante. Ella relat\u00f3 que el funcionario busc\u00f3 contacto f\u00edsico, lo que la incomod\u00f3 hasta retirarse.<\/p>\n\n\n\n<p>El hecho central sucedi\u00f3 despu\u00e9s, el&nbsp;4 de septiembre de 2025. En el relato, Peyer lleg\u00f3 con una&nbsp;caja de bombones&nbsp;por el D\u00eda de la Secretaria, la arrincon\u00f3 en la oficina, le cerr\u00f3 el paso y, pese a la resistencia de la mujer, la agredi\u00f3 f\u00edsicamente e&nbsp;interpuso violencia sexual.<\/p>\n\n\n\n<p>Luego, el intendente asisti\u00f3 a la sesi\u00f3n del Concejo Deliberante y se sent\u00f3 junto a la v\u00edctima. \u201cEse d\u00eda empez\u00f3 a tocarme por debajo de la mesa. Yo me corr\u00ed para evitar la situaci\u00f3n y la presidenta del Concejo le llam\u00f3 la atenci\u00f3n sin saber lo que hab\u00eda ocurrido d\u00edas antes\u201d, rememor\u00f3.<\/p>\n\n\n\n<p>La v\u00edctima tambi\u00e9n afirm\u00f3 en su declaraci\u00f3n que posteriormente el intendente la&nbsp;amenaz\u00f3 con quitarle el trabajo&nbsp;y facilitar el traslado de su pareja, que trabaja como polic\u00eda, si relataba el episodio.&nbsp;\u201cMe dijo que eso es lo que a \u00e9l le gusta\u201d, figura textualmente en el expediente.<\/p>\n\n\n\n<p>Adem\u00e1s, la mujer denunci\u00f3\u00a0una escalada de conductas intimidatorias. Narr\u00f3 que semanas despu\u00e9s, durante una sesi\u00f3n del Concejo Deliberante, Peyer se sent\u00f3 a su lado y le realiz\u00f3 tocamientos por debajo de la mesa, lo que motiv\u00f3 el llamado de atenci\u00f3n de la presidenta del cuerpo.<\/p>\n\n\n\n<p>Ya con la investigaci\u00f3n en marcha, la denunciante inform\u00f3 nuevos episodios: el intendente habr\u00eda realizado&nbsp;gestos amenazantes hacia su hija de 11 a\u00f1os&nbsp;desde una camioneta oficial, episodio registrado cuando la ni\u00f1a jugaba en una plaza.<\/p>\n\n\n\n<p>El juzgado de Instrucci\u00f3n N\u00b0 1 de Puerto Rico, a cargo de&nbsp;Manuel Balanda G\u00f3mez, orden\u00f3 este mi\u00e9rcoles a varios&nbsp;allanamientos en dependencias municipales y el domicilio del funcionario, adem\u00e1s de una restricci\u00f3n de contacto con la v\u00edctima.<\/p>\n\n\n\n<p>El impacto de la denuncia se evidenci\u00f3 en la decisi\u00f3n del gobernador de Misiones,&nbsp;Hugo Passalacqua, de involucrarse directamente en el esc\u00e1ndalo de&nbsp;Caraguatay, localidad del departamento Montecarlo, ubicado cerca de&nbsp;Eldorado&nbsp;y a 178 kil\u00f3metros de&nbsp;Posadas.<\/p>\n\n\n\n<p>\u201cAnte la grave denuncia por abuso sexual radicada en el Juzgado de Instrucci\u00f3n N\u00ba 1 de Puerto Rico, solicito al intendente de Caraguatay, Mario Peyer, que pida&nbsp;licencia en el cargo y se ponga a disposici\u00f3n de la Justicia, a los fines de que la investigaci\u00f3n se desarrolle de manera ordenada y transparente\u201d, pidi\u00f3 el mandatario en sus cuentas de redes sociales.<\/p>\n\n\n\n<p>De manera paralela a la declaraci\u00f3n de la v\u00edctima, el juez&nbsp;Balanda G\u00f3mez&nbsp;dispuso&nbsp;allanamientos en la Municipalidad de Caraguatay, la casa del intendente y en oficinas del Concejo Deliberante, as\u00ed como en una camioneta gris utilizada por Peyer.<\/p>\n\n\n\n<p>El operativo judicial, seg\u00fan replic\u00f3 el medio&nbsp;Misiones Opina, persigue el secuestro de&nbsp;tel\u00e9fonos celulares, dispositivos electr\u00f3nicos y otros elementos&nbsp;que puedan aportar pruebas a la causa.<\/p>\n\n\n\n<p>Actualmente, el intendente&nbsp;no puede ser detenido&nbsp;por contar con inmunidad legal derivada de su cargo electivo. Una eventual prisi\u00f3n preventiva s\u00f3lo podr\u00eda concretarse si el&nbsp;Concejo Deliberante aprueba su desafuero. Hasta entonces, sobre Peyer pesa&nbsp;una orden de prohibici\u00f3n de contacto, ya extendida a la familia de la denunciante.<\/p>\n\n\n\n<p>El proceso judicial contin\u00faa en etapa de instrucci\u00f3n y se encuentra supeditado a la preservaci\u00f3n de pruebas y testimonios, mientras se espera la definici\u00f3n del intendente si se aparta de la funci\u00f3n p\u00fablica.<\/p>\n","protected":false},"excerpt":{"rendered":"<p>Una empleada municipal radic\u00f3 la denuncia contra Mario Peyer, de Caraguatay. La Justicia orden\u00f3 allanamientos [&hellip;]<\/p>\n","protected":false},"author":1,"featured_media":1135,"comment_status":"open","ping_status":"open","sticky":false,"template":"","format":"standard","meta":{"footnotes":""},"categories":[1],"tags":[],"_links":{"self":[{"href":"https:\/\/elcorrentinodiario.com\/index.php\/wp-json\/wp\/v2\/posts\/1134"}],"collection":[{"href":"https:\/\/elcorrentinodiario.com\/index.php\/wp-json\/wp\/v2\/posts"}],"about":[{"href":"https:\/\/elcorrentinodiario.com\/index.php\/wp-json\/wp\/v2\/types\/post"}],"author":[{"embeddable":true,"href":"https:\/\/elcorrentinodiario.com\/index.php\/wp-json\/wp\/v2\/users\/1"}],"replies":[{"embeddable":true,"href":"https:\/\/elcorrentinodiario.com\/index.php\/wp-json\/wp\/v2\/comments?post=1134"}],"version-history":[{"count":1,"href":"https:\/\/elcorrentinodiario.com\/index.php\/wp-json\/wp\/v2\/posts\/1134\/revisions"}],"predecessor-version":[{"id":1136,"href":"https:\/\/elcorrentinodiario.com\/index.php\/wp-json\/wp\/v2\/posts\/1134\/revisions\/1136"}],"wp:featuredmedia":[{"embeddable":true,"href":"https:\/\/elcorrentinodiario.com\/index.php\/wp-json\/wp\/v2\/media\/1135"}],"wp:attachment":[{"href":"https:\/\/elcorrentinodiario.com\/index.php\/wp-json\/wp\/v2\/media?parent=1134"}],"wp:term":[{"taxonomy":"category","embeddable":true,"href":"https:\/\/elcorrentinodiario.com\/index.php\/wp-json\/wp\/v2\/categories?post=1134"},{"taxonomy":"post_tag","embeddable":true,"href":"https:\/\/elcorrentinodiario.com\/index.php\/wp-json\/wp\/v2\/tags?post=1134"}],"curies":[{"name":"wp","href":"https:\/\/api.w.org\/{rel}","templated":true}]}}