{"id":1131,"date":"2026-03-13T18:23:32","date_gmt":"2026-03-13T18:23:32","guid":{"rendered":"https:\/\/elcorrentinodiario.com\/?p=1131"},"modified":"2026-03-13T18:23:33","modified_gmt":"2026-03-13T18:23:33","slug":"brasil-se-agrava-la-salud-del-ex-presidente-jair-bolsonaro-en-la-carcel","status":"publish","type":"post","link":"https:\/\/elcorrentinodiario.com\/index.php\/2026\/03\/13\/brasil-se-agrava-la-salud-del-ex-presidente-jair-bolsonaro-en-la-carcel\/","title":{"rendered":"BRASIL: SE AGRAVA LA SALUD DEL EX PRESIDENTE JAIR BOLSONARO EN LA C\u00c1RCEL"},"content":{"rendered":"\n<p>Los defensores del expresidente brasile\u00f1o, que cumple una condena de 27 a\u00f1os, aseguraron que presenta un cuadro de \u201cextrema fragilidad\u201d. Denunciaron nuevos episodios de v\u00f3mitos y crisis de hipo persistentes. \u00a0La situaci\u00f3n de salud de\u00a0Jair Bolsonaro\u00a0volvi\u00f3 a encender las alarmas en el escenario pol\u00edtico y judicial de Brasil. Este mi\u00e9rcoles, el equipo legal del exmandatario present\u00f3 un escrito ante la Corte Suprema alertando sobre\u00a0un deterioro significativo en su estado f\u00edsico.<\/p>\n\n\n\n<p>Seg\u00fan detallaron sus abogados, Bolsonaro atraviesa un cuadro de&nbsp;\u201cfragilidad\u201d&nbsp;acentuado por constantes episodios de<strong>&nbsp;v\u00f3mitos y crisis de hipo<\/strong>, lo que motiv\u00f3 un pedido de intervenci\u00f3n inmediata de la Polic\u00eda Federal para que se entregue&nbsp;un informe m\u00e9dico pericial con la \u201cm\u00e1xima urgencia\u201d.<\/p>\n\n\n\n<p>El deterioro reportado no es un hecho aislado, sino el cap\u00edtulo m\u00e1s reciente de un historial cl\u00ednico complejo que persigue al l\u00edder ultraderechista desde hace a\u00f1os.<\/p>\n\n\n\n<p>De acuerdo con los registros que detallaron desde su defensa,&nbsp;los malestares se han intensificado en los \u00faltimos d\u00edas.<\/p>\n\n\n\n<p>El hipo cr\u00f3nico y los trastornos digestivos son s\u00edntomas que Bolsonaro padece de manera recurrente desde&nbsp;el ataque con cuchillo que sufri\u00f3 durante la campa\u00f1a electoral de 2018, el cual&nbsp;<strong>le provoc\u00f3 graves da\u00f1os abdominales y lo ha obligado a pasar por el quir\u00f3fano en m\u00faltiples ocasiones.<\/strong><\/p>\n\n\n\n<p>Recientemente, el exmandatario tambi\u00e9n fue diagnosticado con un\u00a0carcinoma de c\u00e9lulas escamosas\u00a0(c\u00e1ncer de piel), lo que sum\u00f3 una capa de complejidad a su monitoreo cl\u00ednico<\/p>\n\n\n\n<p>A esto se le suman diagn\u00f3sticos previos de&nbsp;gastritis, esofagitis y apnea del sue\u00f1o severa, condiciones que sus abogados utilizan para argumentar que el r\u00e9gimen penitenciario actual pone en riesgo su vida.<\/p>\n\n\n\n<h2 class=\"wp-block-heading\"><strong>Entre la celda y el quir\u00f3fano<\/strong><\/h2>\n\n\n\n<p>Bolsonaro se encuentra actualmente recluido tras ser&nbsp;condenado a 27 a\u00f1os de prisi\u00f3n por su implicaci\u00f3n en el intento de golpe de Estado ocurrido en enero de 2023.&nbsp;Su estancia en la c\u00e1rcel ha estado marcada por constantes entradas y salidas de centros asistenciales.<\/p>\n\n\n\n<p>A finales de diciembre de 2025,&nbsp;el expresidente fue operado de una hernia inguinal, permaneciendo hospitalizado varios d\u00edas antes de ser trasladado nuevamente a su lugar de reclusi\u00f3n en Brasilia a principios de enero de 2026.<\/p>\n\n\n\n<p>En aquel momento, el juez del Supremo Tribunal Federal,&nbsp;Alexandre de Moraes, hab\u00eda rechazado pedidos previos de prisi\u00f3n domiciliaria, bas\u00e1ndose en informes que indicaban una evoluci\u00f3n favorable tras la cirug\u00eda.<\/p>\n\n\n\n<p>Sin embargo, la nueva presentaci\u00f3n judicial asegura que la realidad actual es muy distinta y que la salud del exjefe de Estado ha empeorado a niveles que requieren una revisi\u00f3n pericial inmediata.<\/p>\n\n\n\n<p>La estrategia de la defensa es clara: demostrar que la infraestructura penitenciaria no es apta para tratar las patolog\u00edas cr\u00f3nicas de&nbsp;<strong>un paciente de 70 a\u00f1os&nbsp;<\/strong>con secuelas abdominales graves.<\/p>\n\n\n\n<p>\u201cLa situaci\u00f3n ha empeorado en los \u00faltimos d\u00edas\u201d, subrayaron los letrados en el documento enviado al alto tribunal.<\/p>\n\n\n\n<p>Mientras la Corte Suprema&nbsp;eval\u00faa si autoriza un nuevo peritaje&nbsp;o si mantiene la firmeza de su condena, la salud de Bolsonaro vuelve a dividir a la opini\u00f3n p\u00fablica brasile\u00f1a, entre quienes ven un cuadro cl\u00ednico cr\u00edtico derivado de un atentado y quienes consideran que se trata de una maniobra para evadir la prisi\u00f3n efectiva.<\/p>\n\n\n\n<p>Por ahora, el futuro del expresidente depende de la respuesta que el tribunal d\u00e9 a este pedido urgente de auxilio m\u00e9dico.<\/p>\n","protected":false},"excerpt":{"rendered":"<p>Los defensores del expresidente brasile\u00f1o, que cumple una condena de 27 a\u00f1os, aseguraron que presenta [&hellip;]<\/p>\n","protected":false},"author":1,"featured_media":1132,"comment_status":"open","ping_status":"open","sticky":false,"template":"","format":"standard","meta":{"footnotes":""},"categories":[1],"tags":[],"_links":{"self":[{"href":"https:\/\/elcorrentinodiario.com\/index.php\/wp-json\/wp\/v2\/posts\/1131"}],"collection":[{"href":"https:\/\/elcorrentinodiario.com\/index.php\/wp-json\/wp\/v2\/posts"}],"about":[{"href":"https:\/\/elcorrentinodiario.com\/index.php\/wp-json\/wp\/v2\/types\/post"}],"author":[{"embeddable":true,"href":"https:\/\/elcorrentinodiario.com\/index.php\/wp-json\/wp\/v2\/users\/1"}],"replies":[{"embeddable":true,"href":"https:\/\/elcorrentinodiario.com\/index.php\/wp-json\/wp\/v2\/comments?post=1131"}],"version-history":[{"count":1,"href":"https:\/\/elcorrentinodiario.com\/index.php\/wp-json\/wp\/v2\/posts\/1131\/revisions"}],"predecessor-version":[{"id":1133,"href":"https:\/\/elcorrentinodiario.com\/index.php\/wp-json\/wp\/v2\/posts\/1131\/revisions\/1133"}],"wp:featuredmedia":[{"embeddable":true,"href":"https:\/\/elcorrentinodiario.com\/index.php\/wp-json\/wp\/v2\/media\/1132"}],"wp:attachment":[{"href":"https:\/\/elcorrentinodiario.com\/index.php\/wp-json\/wp\/v2\/media?parent=1131"}],"wp:term":[{"taxonomy":"category","embeddable":true,"href":"https:\/\/elcorrentinodiario.com\/index.php\/wp-json\/wp\/v2\/categories?post=1131"},{"taxonomy":"post_tag","embeddable":true,"href":"https:\/\/elcorrentinodiario.com\/index.php\/wp-json\/wp\/v2\/tags?post=1131"}],"curies":[{"name":"wp","href":"https:\/\/api.w.org\/{rel}","templated":true}]}}