{"id":1122,"date":"2026-03-13T18:18:57","date_gmt":"2026-03-13T18:18:57","guid":{"rendered":"https:\/\/elcorrentinodiario.com\/?p=1122"},"modified":"2026-03-13T18:18:58","modified_gmt":"2026-03-13T18:18:58","slug":"autos-en-llamas-la-pericia-confirmo-que-hubo-un-desperfecto-electrico","status":"publish","type":"post","link":"https:\/\/elcorrentinodiario.com\/index.php\/2026\/03\/13\/autos-en-llamas-la-pericia-confirmo-que-hubo-un-desperfecto-electrico\/","title":{"rendered":"AUTOS EN LLAMAS: LA PERICIA CONFIRM\u00d3 QUE HUBO UN DESPERFECTO EL\u00c9CTRICO"},"content":{"rendered":"\n<p>El hecho ocurri\u00f3 en el barrio Arazat\u00ed de la ciudad de Corrientes. En el informe pericial se descart\u00f3 que haya sido intencional y se confirm\u00f3 que el fuego se origin\u00f3 por un sobrecalentamiento en los conductores el\u00e9ctricos del Citro\u00ebn C4.<\/p>\n\n\n\n<p>Las pericias realizadas tras el incendio de dos veh\u00edculos en la ciudad de Corrientes confirmaron que el hecho se produjo por un desperfecto el\u00e9ctrico y descartaron la hip\u00f3tesis inicial de un supuesto\u00a0ataque intencional.<\/p>\n\n\n\n<p>El siniestro ocurri\u00f3 en la noche del jueves en la intersecci\u00f3n de las calles D\u00edaz de Vivar y Lavalle, en el barrio Arazat\u00ed, a pocos metros del Puente General Manuel Belgrano. Durante la ma\u00f1ana del viernes se realizaron las pericias correspondientes para determinar el origen del fuego.<\/p>\n\n\n\n<p>Seg\u00fan inform\u00f3 la cronista de Radio Sudamericana, en un primer momento se hab\u00eda planteado la posibilidad de que el incendio hubiese sido provocado de manera intencional, pero&nbsp;<strong>esa hip\u00f3tesis qued\u00f3 descartada tras los estudios t\u00e9cnicos<\/strong>.<\/p>\n\n\n\n<p>Los especialistas concluyeron que&nbsp;<strong>el fuego se inici\u00f3 por un sobrecalentamiento de los conductores el\u00e9ctricos del autom\u00f3vil Citro\u00ebn C4<\/strong>, lo que gener\u00f3 un cortocircuito y posteriormente&nbsp;las llamas se propagaron hacia un Peugeot 2008 que se encontraba estacionado al lado.<\/p>\n\n\n\n<p>De acuerdo con la cronolog\u00eda del hecho, el episodio se registr\u00f3 alrededor de las 22.30. El propietario del Citro\u00ebn hab\u00eda dejado el veh\u00edculo estacionado en el lugar aproximadamente cuarenta minutos antes de que se produjera el incendio.<\/p>\n\n\n\n<p>Durante la investigaci\u00f3n tambi\u00e9n se revisaron c\u00e1maras de seguridad de viviendas y edificios de la zona para verificar si alguna persona hab\u00eda intervenido en el hecho. Sin embargo, las im\u00e1genes no mostraron la presencia de terceros que pudieran haber provocado el fuego.<\/p>\n\n\n\n<p>Como consecuencia del incendio, ambos veh\u00edculos sufrieron da\u00f1os totales. A pesar de la magnitud del siniestro, no se registraron personas heridas.<\/p>\n\n\n\n<p>En el lugar trabajaron dotaciones de Bomberos Voluntarios, que lograron sofocar las llamas y evitar que el fuego se extendiera a otros rodados estacionados en la zona.+<\/p>\n","protected":false},"excerpt":{"rendered":"<p>El hecho ocurri\u00f3 en el barrio Arazat\u00ed de la ciudad de Corrientes. En el informe [&hellip;]<\/p>\n","protected":false},"author":1,"featured_media":1123,"comment_status":"open","ping_status":"open","sticky":false,"template":"","format":"standard","meta":{"footnotes":""},"categories":[1],"tags":[],"_links":{"self":[{"href":"https:\/\/elcorrentinodiario.com\/index.php\/wp-json\/wp\/v2\/posts\/1122"}],"collection":[{"href":"https:\/\/elcorrentinodiario.com\/index.php\/wp-json\/wp\/v2\/posts"}],"about":[{"href":"https:\/\/elcorrentinodiario.com\/index.php\/wp-json\/wp\/v2\/types\/post"}],"author":[{"embeddable":true,"href":"https:\/\/elcorrentinodiario.com\/index.php\/wp-json\/wp\/v2\/users\/1"}],"replies":[{"embeddable":true,"href":"https:\/\/elcorrentinodiario.com\/index.php\/wp-json\/wp\/v2\/comments?post=1122"}],"version-history":[{"count":1,"href":"https:\/\/elcorrentinodiario.com\/index.php\/wp-json\/wp\/v2\/posts\/1122\/revisions"}],"predecessor-version":[{"id":1124,"href":"https:\/\/elcorrentinodiario.com\/index.php\/wp-json\/wp\/v2\/posts\/1122\/revisions\/1124"}],"wp:featuredmedia":[{"embeddable":true,"href":"https:\/\/elcorrentinodiario.com\/index.php\/wp-json\/wp\/v2\/media\/1123"}],"wp:attachment":[{"href":"https:\/\/elcorrentinodiario.com\/index.php\/wp-json\/wp\/v2\/media?parent=1122"}],"wp:term":[{"taxonomy":"category","embeddable":true,"href":"https:\/\/elcorrentinodiario.com\/index.php\/wp-json\/wp\/v2\/categories?post=1122"},{"taxonomy":"post_tag","embeddable":true,"href":"https:\/\/elcorrentinodiario.com\/index.php\/wp-json\/wp\/v2\/tags?post=1122"}],"curies":[{"name":"wp","href":"https:\/\/api.w.org\/{rel}","templated":true}]}}