{"id":1114,"date":"2026-02-16T14:33:22","date_gmt":"2026-02-16T14:33:22","guid":{"rendered":"https:\/\/elcorrentinodiario.com\/?p=1114"},"modified":"2026-02-16T14:33:23","modified_gmt":"2026-02-16T14:33:23","slug":"cayo-mandibula-por-ocasionar-disturbios-con-una-pistola","status":"publish","type":"post","link":"https:\/\/elcorrentinodiario.com\/index.php\/2026\/02\/16\/cayo-mandibula-por-ocasionar-disturbios-con-una-pistola\/","title":{"rendered":"CAY\u00d3 &#8220;MAND\u00cdBULA&#8221; POR OCASIONAR DISTURBIOS CON UNA PISTOLA"},"content":{"rendered":"\n<p>El hombre, de 33 a\u00f1os, fue aprehendido el s\u00e1bado por la noche en inmediaciones de las calles Facundo Quiroga y Quito. Adem\u00e1s del arma de fuego que ten\u00eda en su poder, los efectivos confiscaron una motocicleta en la que se movilizaba.<\/p>\n\n\n\n<p>Un hombre de 33 a\u00f1os, alias \u201cMand\u00edbula\u201d, fue detenido el s\u00e1bado por la noche en la ciudad de <a href=\"https:\/\/corrientes.net.ar\/?utm_source=elcorrentinodiario.com&#038;utm_medium=vinculos_dinamicos&#038;utm_campaign=credit\" target=\"_blank\" rel=\"noopener\">Corrientes<\/a>, acusado de ocasionar disturbios en la v\u00eda p\u00fablica mientras portaba un arma de fuego.<\/p>\n\n\n\n<p>El procedimiento fue realizado por personal del Grupo de Intervenci\u00f3n R\u00e1pida alrededor de las 22:45, luego de ser alertados a trav\u00e9s del Sistema Integral de Seguridad 911 sobre la presencia de un sujeto que estar\u00eda provocando disturbios en inmediaciones de las calles Facundo Quiroga y Quito.<\/p>\n\n\n\n<p>Al arribar al lugar, los efectivos demoraron e identificaron al hombre, quien ten\u00eda en su poder un arma de fuego. Los uniformados procedieron al secuestro del arma y de la motocicleta en la que se desplazaba, una Yamaha YBR 125cc.<\/p>\n\n\n\n<p>El detenido y los elementos incautados fueron trasladados a la dependencia policial correspondiente, donde contin\u00faan las diligencias de rigor con intervenci\u00f3n de la autoridad judicial en turno.<\/p>\n","protected":false},"excerpt":{"rendered":"<p>El hombre, de 33 a\u00f1os, fue aprehendido el s\u00e1bado por la noche en inmediaciones de [&hellip;]<\/p>\n","protected":false},"author":1,"featured_media":1115,"comment_status":"open","ping_status":"open","sticky":false,"template":"","format":"standard","meta":{"footnotes":""},"categories":[1],"tags":[],"_links":{"self":[{"href":"https:\/\/elcorrentinodiario.com\/index.php\/wp-json\/wp\/v2\/posts\/1114"}],"collection":[{"href":"https:\/\/elcorrentinodiario.com\/index.php\/wp-json\/wp\/v2\/posts"}],"about":[{"href":"https:\/\/elcorrentinodiario.com\/index.php\/wp-json\/wp\/v2\/types\/post"}],"author":[{"embeddable":true,"href":"https:\/\/elcorrentinodiario.com\/index.php\/wp-json\/wp\/v2\/users\/1"}],"replies":[{"embeddable":true,"href":"https:\/\/elcorrentinodiario.com\/index.php\/wp-json\/wp\/v2\/comments?post=1114"}],"version-history":[{"count":1,"href":"https:\/\/elcorrentinodiario.com\/index.php\/wp-json\/wp\/v2\/posts\/1114\/revisions"}],"predecessor-version":[{"id":1116,"href":"https:\/\/elcorrentinodiario.com\/index.php\/wp-json\/wp\/v2\/posts\/1114\/revisions\/1116"}],"wp:featuredmedia":[{"embeddable":true,"href":"https:\/\/elcorrentinodiario.com\/index.php\/wp-json\/wp\/v2\/media\/1115"}],"wp:attachment":[{"href":"https:\/\/elcorrentinodiario.com\/index.php\/wp-json\/wp\/v2\/media?parent=1114"}],"wp:term":[{"taxonomy":"category","embeddable":true,"href":"https:\/\/elcorrentinodiario.com\/index.php\/wp-json\/wp\/v2\/categories?post=1114"},{"taxonomy":"post_tag","embeddable":true,"href":"https:\/\/elcorrentinodiario.com\/index.php\/wp-json\/wp\/v2\/tags?post=1114"}],"curies":[{"name":"wp","href":"https:\/\/api.w.org\/{rel}","templated":true}]}}